{"id":13067,"date":"2025-11-21T15:16:15","date_gmt":"2025-11-21T14:16:15","guid":{"rendered":"https:\/\/www.cpia.edu.it\/mb\/2025\/11\/21\/flc-cgil-atanews-n-6-2025\/"},"modified":"2025-11-21T15:16:15","modified_gmt":"2025-11-21T14:16:15","slug":"flc-cgil-atanews-n-6-2025","status":"publish","type":"post","link":"https:\/\/www.cpia.edu.it\/mb\/2025\/11\/21\/flc-cgil-atanews-n-6-2025\/","title":{"rendered":"FLC CGIL #ATAnews n. 6\/2025"},"content":{"rendered":"<p><img loading=\"lazy\" decoding=\"async\" alt=\"Logo FLC CGIL\" height=\"61\" src=\"http:\/\/www.flcgil.it\/images\/flc_logo_news.gif\" width=\"180\" \/><\/p>\n<p><em><strong>Passweb: la battaglia prosegue<br \/>\nPosizioni economiche ATA: attesa per le prove<\/strong><\/em><\/p>\n<p><strong>#ATAnews<\/strong> \u00e8 una rassegna specificatamente dedicata dalla FLC CGIL nazionale al personale ATA. Propone periodicamente un riepilogo correlato alle notizie pi\u00f9 significative, pubblicate sul sito nazionale per valorizzare la collocazione dei lavoratori ATA nella vertenza generale sulla professionalit\u00e0 e sul contratto. \u00c8 un resoconto centrato sulle nostre attivit\u00e0 politico-sindacali-legali e sui risultati ottenuti.<\/p>\n<p>In questo <strong>nuovo numero<\/strong> torniamo sulla battaglia per l\u2019estromissione di <strong>Passweb<\/strong> dalle segreterie scolastiche per annunciare il ricorso al Consiglio di Stato contro la sentenza del TAR Lazio.<br \/>\nProsegue e si intensifica, inoltre, il nostro supporto al personale ATA che partecipa agli esami finali per l\u2019attribuzione delle <strong>nuove posizioni economiche<\/strong>.<\/p>\n<p><strong><a href=\"http:\/\/plist.flcgil.it\/lists\/lt.php?tid=eh8FWwRWDwwJVh8BVwYHFQBTVVUYVAIHVk5SClcJBl0EVgFfBFFECAAPVAhdVgEVUFNfARgCBFFRTgJcBFEcWARQAV8DAgoBW1UBTVBRAwEBBV8BGAEAUwlOVw4HCBxYCwdXFFUADw0JBQoCUAZQXA\">Scarica il n. 6\/2025<\/a>.<\/strong><br \/>\n<em>Da affiggere all\u2019albo sindacale di tutti i plessi della scuola ai sensi del vigente contratto di lavoro. <\/em><\/p>\n<p>Per l\u2019informazione quotidiana: <a href=\"http:\/\/plist.flcgil.it\/lists\/lt.php?tid=eh8CCQUEWwoKDx9UBFFQFQADU1EYV1UCVk5TXlNTBVgGAQEABFFECAAPVAhdVgEVUFNfARgCBFFRTgJcBFEcWARQAV8DAgoBW1UBTVBRAwEBBV8BGAEAUwlOVw4HCBxYCwdXFFUADw0JBQoCUAZQXA\">www.flcgil.it\/scuola\/ata<\/a>.<br \/>\nSiamo anche presenti su <a href=\"http:\/\/plist.flcgil.it\/lists\/lt.php?tid=eh8GXFEJXgwLUh9UBFYBFQAGUAIYVFZcU05RCgsHVwpWU1JbBwlECAAPVAhdVgEVUFNfARgCBFFRTgJcBFEcWARQAV8DAgoBW1UBTVBRAwEBBV8BGAEAUwlOVw4HCBxYCwdXFFUADw0JBQoCUAZQXA\">Facebook<\/a>, <a href=\"http:\/\/plist.flcgil.it\/lists\/lt.php?tid=eh8ICFUFCloPDh8BA1QAFQBTBAcYVFcCVk5VXQVVCQ4KBwQKAghECAAPVAhdVgEVUFNfARgCBFFRTgJcBFEcWARQAV8DAgoBW1UBTVBRAwEBBV8BGAEAUwlOVw4HCBxYCwdXFFUADw0JBQoCUAZQXA\">Instagram<\/a>, <a href=\"http:\/\/plist.flcgil.it\/lists\/lt.php?tid=eh9XWFVWAAxaAR8AVlZXFQABAAQYD1ACBk5TDVYCBQ8KVVVbBVJECAAPVAhdVgEVUFNfARgCBFFRTgJcBFEcWARQAV8DAgoBW1UBTVBRAwEBBV8BGAEAUwlOVw4HCBxYCwdXFFUADw0JBQoCUAZQXA\">Twitter<\/a>, <a href=\"http:\/\/plist.flcgil.it\/lists\/lt.php?tid=eh8HCwUHXQ0NDx8DUAAFFQBVU1IYDgNVB04BCFAJBwxQW1APBwNECAAPVAhdVgEVUFNfARgCBFFRTgJcBFEcWARQAV8DAgoBW1UBTVBRAwEBBV8BGAEAUwlOVw4HCBxYCwdXFFUADw0JBQoCUAZQXA\">YouTube<\/a> e <a href=\"http:\/\/plist.flcgil.it\/lists\/lt.php?tid=eh8FDQBWDFsABR8JA1EFFQAAAwEYD1NVBE4BXVYACVtQWgYPVlZECAAPVAhdVgEVUFNfARgCBFFRTgJcBFEcWARQAV8DAgoBW1UBTVBRAwEBBV8BGAEAUwlOVw4HCBxYCwdXFFUADw0JBQoCUAZQXA\">WhatsApp<\/a>.<\/p>\n<p>Cordialmente<br \/>\nFLC CGIL nazionale<\/p>\n<p>__________________<\/p>\n<p><img loading=\"lazy\" decoding=\"async\" src=\"http:\/\/plist.flcgil.it\/lists\/ut.php?u=215cc26b3d5cbcf123c6264b7873d524&amp;m=2489\" width=\"1\" height=\"1\" alt=\"\" \/><\/p>\n","protected":false},"excerpt":{"rendered":"<p>Passweb: la battaglia prosegue Posizioni economiche ATA: attesa per le prove #ATAnews \u00e8 una rassegna specificatamente dedicata dalla FLC CGIL nazionale al personale ATA. Propone &#8230; <\/p>\n","protected":false},"author":2,"featured_media":0,"comment_status":"closed","ping_status":"open","sticky":false,"template":"","format":"standard","meta":{"_jetpack_newsletter_access":"","_jetpack_dont_email_post_to_subs":false,"_jetpack_newsletter_tier_id":0,"_jetpack_memberships_contains_paywalled_content":false,"_jetpack_feature_clip_id":0,"_jetpack_memberships_contains_paid_content":false,"footnotes":"","jetpack_post_was_ever_published":false},"categories":[17],"tags":[],"class_list":["post-13067","post","type-post","status-publish","format-standard","hentry","category-notizie-sindacali"],"yoast_head":"<!-- This site is optimized with the Yoast SEO plugin v28.1 - https:\/\/yoast.com\/product\/yoast-seo-wordpress\/ -->\n<title>FLC CGIL #ATAnews n. 6\/2025 - CPIA Monza e Brianza \u00b7 Scuola Pubblica per Adulti<\/title>\n<meta name=\"robots\" content=\"index, follow, max-snippet:-1, max-image-preview:large, max-video-preview:-1\" \/>\n<link rel=\"canonical\" href=\"https:\/\/www.cpia.edu.it\/mb\/2025\/11\/21\/flc-cgil-atanews-n-6-2025\/\" \/>\n<meta property=\"og:locale\" content=\"it_IT\" \/>\n<meta property=\"og:type\" content=\"article\" \/>\n<meta property=\"og:title\" content=\"FLC CGIL #ATAnews n. 6\/2025 - CPIA Monza e Brianza \u00b7 Scuola Pubblica per Adulti\" \/>\n<meta property=\"og:description\" content=\"Passweb: la battaglia prosegue Posizioni economiche ATA: attesa per le prove #ATAnews \u00e8 una rassegna specificatamente dedicata dalla FLC CGIL nazionale al personale ATA. Propone ...\" \/>\n<meta property=\"og:url\" content=\"https:\/\/www.cpia.edu.it\/mb\/2025\/11\/21\/flc-cgil-atanews-n-6-2025\/\" \/>\n<meta property=\"og:site_name\" content=\"CPIA Monza e Brianza \u00b7 Scuola Pubblica per Adulti\" \/>\n<meta property=\"article:published_time\" content=\"2025-11-21T14:16:15+00:00\" \/>\n<meta property=\"og:image\" content=\"http:\/\/www.flcgil.it\/images\/flc_logo_news.gif\" \/>\n<meta name=\"author\" content=\"ernst.rossi\" \/>\n<meta name=\"twitter:card\" content=\"summary_large_image\" \/>\n<meta name=\"twitter:label1\" content=\"Scritto da\" \/>\n\t<meta name=\"twitter:data1\" content=\"ernst.rossi\" \/>\n\t<meta name=\"twitter:label2\" content=\"Tempo di lettura stimato\" \/>\n\t<meta name=\"twitter:data2\" content=\"1 minuto\" \/>\n<script type=\"application\/ld+json\" class=\"yoast-schema-graph\">{\"@context\":\"https:\\\/\\\/schema.org\",\"@graph\":[{\"@type\":\"Article\",\"@id\":\"https:\\\/\\\/www.cpia.edu.it\\\/mb\\\/2025\\\/11\\\/21\\\/flc-cgil-atanews-n-6-2025\\\/#article\",\"isPartOf\":{\"@id\":\"https:\\\/\\\/www.cpia.edu.it\\\/mb\\\/2025\\\/11\\\/21\\\/flc-cgil-atanews-n-6-2025\\\/\"},\"author\":{\"name\":\"ernst.rossi\",\"@id\":\"https:\\\/\\\/www.cpia.edu.it\\\/mb\\\/#\\\/schema\\\/person\\\/0fbe7d2691142d581f4aef23dad04fb3\"},\"headline\":\"FLC CGIL #ATAnews n. 6\\\/2025\",\"datePublished\":\"2025-11-21T14:16:15+00:00\",\"mainEntityOfPage\":{\"@id\":\"https:\\\/\\\/www.cpia.edu.it\\\/mb\\\/2025\\\/11\\\/21\\\/flc-cgil-atanews-n-6-2025\\\/\"},\"wordCount\":162,\"publisher\":{\"@id\":\"https:\\\/\\\/www.cpia.edu.it\\\/mb\\\/#organization\"},\"image\":{\"@id\":\"https:\\\/\\\/www.cpia.edu.it\\\/mb\\\/2025\\\/11\\\/21\\\/flc-cgil-atanews-n-6-2025\\\/#primaryimage\"},\"thumbnailUrl\":\"http:\\\/\\\/www.flcgil.it\\\/images\\\/flc_logo_news.gif\",\"articleSection\":[\"Notizie Sindacali\"],\"inLanguage\":\"it-IT\"},{\"@type\":\"WebPage\",\"@id\":\"https:\\\/\\\/www.cpia.edu.it\\\/mb\\\/2025\\\/11\\\/21\\\/flc-cgil-atanews-n-6-2025\\\/\",\"url\":\"https:\\\/\\\/www.cpia.edu.it\\\/mb\\\/2025\\\/11\\\/21\\\/flc-cgil-atanews-n-6-2025\\\/\",\"name\":\"FLC CGIL #ATAnews n. 6\\\/2025 - CPIA Monza e Brianza \u00b7 Scuola Pubblica per Adulti\",\"isPartOf\":{\"@id\":\"https:\\\/\\\/www.cpia.edu.it\\\/mb\\\/#website\"},\"primaryImageOfPage\":{\"@id\":\"https:\\\/\\\/www.cpia.edu.it\\\/mb\\\/2025\\\/11\\\/21\\\/flc-cgil-atanews-n-6-2025\\\/#primaryimage\"},\"image\":{\"@id\":\"https:\\\/\\\/www.cpia.edu.it\\\/mb\\\/2025\\\/11\\\/21\\\/flc-cgil-atanews-n-6-2025\\\/#primaryimage\"},\"thumbnailUrl\":\"http:\\\/\\\/www.flcgil.it\\\/images\\\/flc_logo_news.gif\",\"datePublished\":\"2025-11-21T14:16:15+00:00\",\"breadcrumb\":{\"@id\":\"https:\\\/\\\/www.cpia.edu.it\\\/mb\\\/2025\\\/11\\\/21\\\/flc-cgil-atanews-n-6-2025\\\/#breadcrumb\"},\"inLanguage\":\"it-IT\",\"potentialAction\":[{\"@type\":\"ReadAction\",\"target\":[\"https:\\\/\\\/www.cpia.edu.it\\\/mb\\\/2025\\\/11\\\/21\\\/flc-cgil-atanews-n-6-2025\\\/\"]}]},{\"@type\":\"ImageObject\",\"inLanguage\":\"it-IT\",\"@id\":\"https:\\\/\\\/www.cpia.edu.it\\\/mb\\\/2025\\\/11\\\/21\\\/flc-cgil-atanews-n-6-2025\\\/#primaryimage\",\"url\":\"http:\\\/\\\/www.flcgil.it\\\/images\\\/flc_logo_news.gif\",\"contentUrl\":\"http:\\\/\\\/www.flcgil.it\\\/images\\\/flc_logo_news.gif\"},{\"@type\":\"BreadcrumbList\",\"@id\":\"https:\\\/\\\/www.cpia.edu.it\\\/mb\\\/2025\\\/11\\\/21\\\/flc-cgil-atanews-n-6-2025\\\/#breadcrumb\",\"itemListElement\":[{\"@type\":\"ListItem\",\"position\":1,\"name\":\"Home\",\"item\":\"https:\\\/\\\/www.cpia.edu.it\\\/mb\\\/\"},{\"@type\":\"ListItem\",\"position\":2,\"name\":\"Notizie Sindacali\",\"item\":\"https:\\\/\\\/www.cpia.edu.it\\\/mb\\\/category\\\/notizie-sindacali\\\/\"},{\"@type\":\"ListItem\",\"position\":3,\"name\":\"FLC CGIL #ATAnews n. 6\\\/2025\"}]},{\"@type\":\"WebSite\",\"@id\":\"https:\\\/\\\/www.cpia.edu.it\\\/mb\\\/#website\",\"url\":\"https:\\\/\\\/www.cpia.edu.it\\\/mb\\\/\",\"name\":\"CPIA Monza e Brianza \u00b7 Scuola Pubblica per Adulti\",\"description\":\"\",\"publisher\":{\"@id\":\"https:\\\/\\\/www.cpia.edu.it\\\/mb\\\/#organization\"},\"potentialAction\":[{\"@type\":\"SearchAction\",\"target\":{\"@type\":\"EntryPoint\",\"urlTemplate\":\"https:\\\/\\\/www.cpia.edu.it\\\/mb\\\/?s={search_term_string}\"},\"query-input\":{\"@type\":\"PropertyValueSpecification\",\"valueRequired\":true,\"valueName\":\"search_term_string\"}}],\"inLanguage\":\"it-IT\"},{\"@type\":\"Organization\",\"@id\":\"https:\\\/\\\/www.cpia.edu.it\\\/mb\\\/#organization\",\"name\":\"Centro Provinciale per la Istruzione degli Adulti Monza Brianza\",\"url\":\"https:\\\/\\\/www.cpia.edu.it\\\/mb\\\/\",\"logo\":{\"@type\":\"ImageObject\",\"inLanguage\":\"it-IT\",\"@id\":\"https:\\\/\\\/www.cpia.edu.it\\\/mb\\\/#\\\/schema\\\/logo\\\/image\\\/\",\"url\":\"https:\\\/\\\/www.cpia.edu.it\\\/mb\\\/wp-content\\\/uploads\\\/2019\\\/12\\\/color_cpia.png\",\"contentUrl\":\"https:\\\/\\\/www.cpia.edu.it\\\/mb\\\/wp-content\\\/uploads\\\/2019\\\/12\\\/color_cpia.png\",\"width\":1000,\"height\":178,\"caption\":\"Centro Provinciale per la Istruzione degli Adulti Monza Brianza\"},\"image\":{\"@id\":\"https:\\\/\\\/www.cpia.edu.it\\\/mb\\\/#\\\/schema\\\/logo\\\/image\\\/\"}},{\"@type\":\"Person\",\"@id\":\"https:\\\/\\\/www.cpia.edu.it\\\/mb\\\/#\\\/schema\\\/person\\\/0fbe7d2691142d581f4aef23dad04fb3\",\"name\":\"ernst.rossi\",\"image\":{\"@type\":\"ImageObject\",\"inLanguage\":\"it-IT\",\"@id\":\"https:\\\/\\\/secure.gravatar.com\\\/avatar\\\/d7e4422eb9aa6eeca0b55defb7bc3d2ad19dbc6647c693556e1a5a140f75849e?s=96&d=mm&r=g\",\"url\":\"https:\\\/\\\/secure.gravatar.com\\\/avatar\\\/d7e4422eb9aa6eeca0b55defb7bc3d2ad19dbc6647c693556e1a5a140f75849e?s=96&d=mm&r=g\",\"contentUrl\":\"https:\\\/\\\/secure.gravatar.com\\\/avatar\\\/d7e4422eb9aa6eeca0b55defb7bc3d2ad19dbc6647c693556e1a5a140f75849e?s=96&d=mm&r=g\",\"caption\":\"ernst.rossi\"},\"url\":\"https:\\\/\\\/www.cpia.edu.it\\\/mb\\\/author\\\/ernst-rossi\\\/\"}]}<\/script>\n<!-- \/ Yoast SEO plugin. -->","yoast_head_json":{"title":"FLC CGIL #ATAnews n. 6\/2025 - CPIA Monza e Brianza \u00b7 Scuola Pubblica per Adulti","robots":{"index":"index","follow":"follow","max-snippet":"max-snippet:-1","max-image-preview":"max-image-preview:large","max-video-preview":"max-video-preview:-1"},"canonical":"https:\/\/www.cpia.edu.it\/mb\/2025\/11\/21\/flc-cgil-atanews-n-6-2025\/","og_locale":"it_IT","og_type":"article","og_title":"FLC CGIL #ATAnews n. 6\/2025 - CPIA Monza e Brianza \u00b7 Scuola Pubblica per Adulti","og_description":"Passweb: la battaglia prosegue Posizioni economiche ATA: attesa per le prove #ATAnews \u00e8 una rassegna specificatamente dedicata dalla FLC CGIL nazionale al personale ATA. Propone ...","og_url":"https:\/\/www.cpia.edu.it\/mb\/2025\/11\/21\/flc-cgil-atanews-n-6-2025\/","og_site_name":"CPIA Monza e Brianza \u00b7 Scuola Pubblica per Adulti","article_published_time":"2025-11-21T14:16:15+00:00","og_image":[{"url":"http:\/\/www.flcgil.it\/images\/flc_logo_news.gif","type":"","width":"","height":""}],"author":"ernst.rossi","twitter_card":"summary_large_image","twitter_misc":{"Scritto da":"ernst.rossi","Tempo di lettura stimato":"1 minuto"},"schema":{"@context":"https:\/\/schema.org","@graph":[{"@type":"Article","@id":"https:\/\/www.cpia.edu.it\/mb\/2025\/11\/21\/flc-cgil-atanews-n-6-2025\/#article","isPartOf":{"@id":"https:\/\/www.cpia.edu.it\/mb\/2025\/11\/21\/flc-cgil-atanews-n-6-2025\/"},"author":{"name":"ernst.rossi","@id":"https:\/\/www.cpia.edu.it\/mb\/#\/schema\/person\/0fbe7d2691142d581f4aef23dad04fb3"},"headline":"FLC CGIL #ATAnews n. 6\/2025","datePublished":"2025-11-21T14:16:15+00:00","mainEntityOfPage":{"@id":"https:\/\/www.cpia.edu.it\/mb\/2025\/11\/21\/flc-cgil-atanews-n-6-2025\/"},"wordCount":162,"publisher":{"@id":"https:\/\/www.cpia.edu.it\/mb\/#organization"},"image":{"@id":"https:\/\/www.cpia.edu.it\/mb\/2025\/11\/21\/flc-cgil-atanews-n-6-2025\/#primaryimage"},"thumbnailUrl":"http:\/\/www.flcgil.it\/images\/flc_logo_news.gif","articleSection":["Notizie Sindacali"],"inLanguage":"it-IT"},{"@type":"WebPage","@id":"https:\/\/www.cpia.edu.it\/mb\/2025\/11\/21\/flc-cgil-atanews-n-6-2025\/","url":"https:\/\/www.cpia.edu.it\/mb\/2025\/11\/21\/flc-cgil-atanews-n-6-2025\/","name":"FLC CGIL #ATAnews n. 6\/2025 - CPIA Monza e Brianza \u00b7 Scuola Pubblica per Adulti","isPartOf":{"@id":"https:\/\/www.cpia.edu.it\/mb\/#website"},"primaryImageOfPage":{"@id":"https:\/\/www.cpia.edu.it\/mb\/2025\/11\/21\/flc-cgil-atanews-n-6-2025\/#primaryimage"},"image":{"@id":"https:\/\/www.cpia.edu.it\/mb\/2025\/11\/21\/flc-cgil-atanews-n-6-2025\/#primaryimage"},"thumbnailUrl":"http:\/\/www.flcgil.it\/images\/flc_logo_news.gif","datePublished":"2025-11-21T14:16:15+00:00","breadcrumb":{"@id":"https:\/\/www.cpia.edu.it\/mb\/2025\/11\/21\/flc-cgil-atanews-n-6-2025\/#breadcrumb"},"inLanguage":"it-IT","potentialAction":[{"@type":"ReadAction","target":["https:\/\/www.cpia.edu.it\/mb\/2025\/11\/21\/flc-cgil-atanews-n-6-2025\/"]}]},{"@type":"ImageObject","inLanguage":"it-IT","@id":"https:\/\/www.cpia.edu.it\/mb\/2025\/11\/21\/flc-cgil-atanews-n-6-2025\/#primaryimage","url":"http:\/\/www.flcgil.it\/images\/flc_logo_news.gif","contentUrl":"http:\/\/www.flcgil.it\/images\/flc_logo_news.gif"},{"@type":"BreadcrumbList","@id":"https:\/\/www.cpia.edu.it\/mb\/2025\/11\/21\/flc-cgil-atanews-n-6-2025\/#breadcrumb","itemListElement":[{"@type":"ListItem","position":1,"name":"Home","item":"https:\/\/www.cpia.edu.it\/mb\/"},{"@type":"ListItem","position":2,"name":"Notizie Sindacali","item":"https:\/\/www.cpia.edu.it\/mb\/category\/notizie-sindacali\/"},{"@type":"ListItem","position":3,"name":"FLC CGIL #ATAnews n. 6\/2025"}]},{"@type":"WebSite","@id":"https:\/\/www.cpia.edu.it\/mb\/#website","url":"https:\/\/www.cpia.edu.it\/mb\/","name":"CPIA Monza e Brianza \u00b7 Scuola Pubblica per Adulti","description":"","publisher":{"@id":"https:\/\/www.cpia.edu.it\/mb\/#organization"},"potentialAction":[{"@type":"SearchAction","target":{"@type":"EntryPoint","urlTemplate":"https:\/\/www.cpia.edu.it\/mb\/?s={search_term_string}"},"query-input":{"@type":"PropertyValueSpecification","valueRequired":true,"valueName":"search_term_string"}}],"inLanguage":"it-IT"},{"@type":"Organization","@id":"https:\/\/www.cpia.edu.it\/mb\/#organization","name":"Centro Provinciale per la Istruzione degli Adulti Monza Brianza","url":"https:\/\/www.cpia.edu.it\/mb\/","logo":{"@type":"ImageObject","inLanguage":"it-IT","@id":"https:\/\/www.cpia.edu.it\/mb\/#\/schema\/logo\/image\/","url":"https:\/\/www.cpia.edu.it\/mb\/wp-content\/uploads\/2019\/12\/color_cpia.png","contentUrl":"https:\/\/www.cpia.edu.it\/mb\/wp-content\/uploads\/2019\/12\/color_cpia.png","width":1000,"height":178,"caption":"Centro Provinciale per la Istruzione degli Adulti Monza Brianza"},"image":{"@id":"https:\/\/www.cpia.edu.it\/mb\/#\/schema\/logo\/image\/"}},{"@type":"Person","@id":"https:\/\/www.cpia.edu.it\/mb\/#\/schema\/person\/0fbe7d2691142d581f4aef23dad04fb3","name":"ernst.rossi","image":{"@type":"ImageObject","inLanguage":"it-IT","@id":"https:\/\/secure.gravatar.com\/avatar\/d7e4422eb9aa6eeca0b55defb7bc3d2ad19dbc6647c693556e1a5a140f75849e?s=96&d=mm&r=g","url":"https:\/\/secure.gravatar.com\/avatar\/d7e4422eb9aa6eeca0b55defb7bc3d2ad19dbc6647c693556e1a5a140f75849e?s=96&d=mm&r=g","contentUrl":"https:\/\/secure.gravatar.com\/avatar\/d7e4422eb9aa6eeca0b55defb7bc3d2ad19dbc6647c693556e1a5a140f75849e?s=96&d=mm&r=g","caption":"ernst.rossi"},"url":"https:\/\/www.cpia.edu.it\/mb\/author\/ernst-rossi\/"}]}},"jetpack_featured_media_url":"","jetpack_sharing_enabled":true,"_links":{"self":[{"href":"https:\/\/www.cpia.edu.it\/mb\/wp-json\/wp\/v2\/posts\/13067","targetHints":{"allow":["GET"]}}],"collection":[{"href":"https:\/\/www.cpia.edu.it\/mb\/wp-json\/wp\/v2\/posts"}],"about":[{"href":"https:\/\/www.cpia.edu.it\/mb\/wp-json\/wp\/v2\/types\/post"}],"author":[{"embeddable":true,"href":"https:\/\/www.cpia.edu.it\/mb\/wp-json\/wp\/v2\/users\/2"}],"replies":[{"embeddable":true,"href":"https:\/\/www.cpia.edu.it\/mb\/wp-json\/wp\/v2\/comments?post=13067"}],"version-history":[{"count":0,"href":"https:\/\/www.cpia.edu.it\/mb\/wp-json\/wp\/v2\/posts\/13067\/revisions"}],"wp:attachment":[{"href":"https:\/\/www.cpia.edu.it\/mb\/wp-json\/wp\/v2\/media?parent=13067"}],"wp:term":[{"taxonomy":"category","embeddable":true,"href":"https:\/\/www.cpia.edu.it\/mb\/wp-json\/wp\/v2\/categories?post=13067"},{"taxonomy":"post_tag","embeddable":true,"href":"https:\/\/www.cpia.edu.it\/mb\/wp-json\/wp\/v2\/tags?post=13067"}],"curies":[{"name":"wp","href":"https:\/\/api.w.org\/{rel}","templated":true}]}}